{"id":9884,"date":"2023-10-31T19:48:59","date_gmt":"2023-10-31T18:48:59","guid":{"rendered":"https:\/\/www.lebihan.de\/?p=9884"},"modified":"2025-05-23T12:32:17","modified_gmt":"2025-05-23T10:32:17","slug":"le-bihan-bei-der-pma-focus-2023","status":"publish","type":"post","link":"https:\/\/www.lebihan.de\/en\/le-bihan-bei-der-pma-focus-2023\/","title":{"rendered":"Le Bihan bei der pma focus 2023"},"content":{"rendered":"\n<p>Die pma focus in Wien ist das zentrale Event der Projektmanagement-Branche in \u00d6sterreich. Le Bihan durfte dieses Event in diesem Jahr als Aussteller begleiten und hatte so die M\u00f6glichkeit, sich mit Marktf\u00fchrern und Hidden Champions aus \u00d6sterreich zu vernetzen und sich \u00fcber die Einf\u00fchrung von PM-Software auszutauschen.<\/p>\n\n\n\n<p>Unser Toolexperte Tilmann Henrichs nutzte gemeinsam mit unserer Sales Managerin Nathalie Kleiter die Gelegenheit, sich mit der Projektmanagement-Community aus \u00d6sterreich auszutauschen und in den Dialog zu treten. So konnten wertvolle Einblicke in die neuesten Trends im Bereich von Projektmanagement-Software und wertvolle Erfahrungen in Evaluierungsprojekten gesammelt werden. <\/p>\n\n\n\n<p>Wir freuen uns dar\u00fcber, Teil der pma focus 2023 gewesen zu sein und freuen uns auf die Veranstaltung im n\u00e4chsten Jahr. <\/p>\n","protected":false},"excerpt":{"rendered":"<p>Die pma focus in Wien ist das zentrale Event der Projektmanagement-Branche in \u00d6sterreich. Le Bihan durfte dieses Event in diesem Jahr als Aussteller begleiten und hatte so die M\u00f6glichkeit, sich mit Marktf\u00fchrern und Hidden Champions aus \u00d6sterreich zu vernetzen und sich \u00fcber die Einf\u00fchrung von PM-Software auszutauschen. Unser Toolexperte Tilmann Henrichs nutzte gemeinsam mit unserer [&hellip;]<\/p>\n","protected":false},"author":13,"featured_media":12998,"comment_status":"closed","ping_status":"closed","sticky":false,"template":"","format":"standard","meta":{"_acf_changed":false,"_et_pb_use_builder":"off","_et_pb_old_content":"<!-- wp:paragraph -->\n<p>Die pma focus in Wien ist das zentrale Event f\u00fcr Projektmanagement-Branche in \u00d6sterreich. Le Bihan durfte dieses Event in diesem Jahr als Aussteller begleiten und hatte so die M\u00f6glichkeit, sich mit Marktf\u00fchrern und Hidden Champions aus \u00d6sterreich zu vernetzen und sich \u00fcber die Einf\u00fchrung von PM-Software auszutauschen.<\/p>\n<!-- \/wp:paragraph -->\n\n<!-- wp:paragraph -->\n<p>Unser Toolexperte Tilmann Henrichs nutzte gemeinsam mit unserer Sales Managerin Nathalie Kleiter die Gelegenheit, sich mit der Projektmanagement-Community aus \u00d6sterreich auszutauschen und in den Dialog zu treten, um wertvolle Einblicke in die neuesten Trends im Bereich von Projektmanagement-Software und wertvolle Erfahrungen in Evaluierungsprojekten zu teilen. <\/p>\n<!-- \/wp:paragraph -->\n\n<!-- wp:paragraph -->\n<p>Wir freuen uns dar\u00fcber, Teil der pma focus 2023 gewesen zu sein und freuen uns auf die Veranstaltung im n\u00e4chsten Jahr. <\/p>\n<!-- \/wp:paragraph -->","_et_gb_content_width":"1080","footnotes":""},"categories":[22],"tags":[],"class_list":["post-9884","post","type-post","status-publish","format-standard","has-post-thumbnail","hentry","category-de"],"acf":[],"_links":{"self":[{"href":"https:\/\/www.lebihan.de\/en\/wp-json\/wp\/v2\/posts\/9884","targetHints":{"allow":["GET"]}}],"collection":[{"href":"https:\/\/www.lebihan.de\/en\/wp-json\/wp\/v2\/posts"}],"about":[{"href":"https:\/\/www.lebihan.de\/en\/wp-json\/wp\/v2\/types\/post"}],"author":[{"embeddable":true,"href":"https:\/\/www.lebihan.de\/en\/wp-json\/wp\/v2\/users\/13"}],"replies":[{"embeddable":true,"href":"https:\/\/www.lebihan.de\/en\/wp-json\/wp\/v2\/comments?post=9884"}],"version-history":[{"count":12,"href":"https:\/\/www.lebihan.de\/en\/wp-json\/wp\/v2\/posts\/9884\/revisions"}],"predecessor-version":[{"id":13189,"href":"https:\/\/www.lebihan.de\/en\/wp-json\/wp\/v2\/posts\/9884\/revisions\/13189"}],"wp:featuredmedia":[{"embeddable":true,"href":"https:\/\/www.lebihan.de\/en\/wp-json\/wp\/v2\/media\/12998"}],"wp:attachment":[{"href":"https:\/\/www.lebihan.de\/en\/wp-json\/wp\/v2\/media?parent=9884"}],"wp:term":[{"taxonomy":"category","embeddable":true,"href":"https:\/\/www.lebihan.de\/en\/wp-json\/wp\/v2\/categories?post=9884"},{"taxonomy":"post_tag","embeddable":true,"href":"https:\/\/www.lebihan.de\/en\/wp-json\/wp\/v2\/tags?post=9884"}],"curies":[{"name":"wp","href":"https:\/\/api.w.org\/{rel}","templated":true}]}}